{"id":10,"date":"2022-06-24T11:09:34","date_gmt":"2022-06-24T11:09:34","guid":{"rendered":"http:\/\/dnmrul.es\/tebeotecario\/?p=10"},"modified":"2022-06-24T11:15:07","modified_gmt":"2022-06-24T11:15:07","slug":"la-atalaya-junio-2022","status":"publish","type":"post","link":"https:\/\/dnmrul.es\/tebeotecario\/index.php\/2022\/06\/24\/la-atalaya-junio-2022\/","title":{"rendered":"La Atalaya (Junio 2022)"},"content":{"rendered":"\n<div class=\"wp-block-cover\"><span aria-hidden=\"true\" class=\"wp-block-cover__background has-background-dim\"><\/span><img loading=\"lazy\" decoding=\"async\" width=\"1024\" height=\"576\" class=\"wp-block-cover__image-background wp-image-44\" alt=\"\" src=\"http:\/\/dnmrul.es\/tebeotecario\/wp-content\/uploads\/2022\/06\/watchtowerYJ-1024x576.jpg\" data-object-fit=\"cover\" srcset=\"https:\/\/dnmrul.es\/tebeotecario\/wp-content\/uploads\/2022\/06\/watchtowerYJ-1024x576.jpg 1024w, https:\/\/dnmrul.es\/tebeotecario\/wp-content\/uploads\/2022\/06\/watchtowerYJ-300x169.jpg 300w, https:\/\/dnmrul.es\/tebeotecario\/wp-content\/uploads\/2022\/06\/watchtowerYJ-768x432.jpg 768w, https:\/\/dnmrul.es\/tebeotecario\/wp-content\/uploads\/2022\/06\/watchtowerYJ.jpg 1280w\" sizes=\"auto, (max-width: 1024px) 100vw, 1024px\" \/><div class=\"wp-block-cover__inner-container is-layout-flow wp-block-cover-is-layout-flow\">\n<p class=\"has-text-align-left has-medium-font-size\"> <span style=\"color: inherit; font-size: revert;\">Bolet\u00edn mensual de informaci\u00f3n sobre amenazas y ataques a la libertad de las bibliotecas e iniciativas creadas por el personal bibliotecario para luchar contra la intolerancia y la censura. <\/span>   <blockquote class=\"wp-block-quote\"><p>Ni los fondos ni los servicios han de estar sujetos a forma alguna de censura ideol\u00f3gica, pol\u00edtica o religiosa, ni a presiones comerciales.<\/p><cite>Manifiesto de la IFLA\/UNESCO Sobre la Biblioteca P\u00fablica (1994)<\/cite><\/blockquote> <\/p>\n<\/div><\/div>\n\n\n\n<h3 class=\"has-medium-font-size wp-block-heading\">La Asociaci\u00f3n de Bibliotecas de Nueva York denuncia el intento de censura por parte de la administraci\u00f3n de la Biblioteca P\u00fablica de Smithtown (Nueva York)<\/h3>\n\n\n\n<ul class=\"wp-block-list\"><li><a href=\"https:\/\/www.nyla.org\/userfiles\/uploads\/NYLA_Reaffirms_Commitment_to_Intellectual_Freedom_in_Response_to_Pride_Display_Removal_at_Smithtown_Public_Library.pdf\">Comunicado de NYLA al respecto<\/a><\/li><li><a href=\"https:\/\/www.youtube.com\/watch?v=u6wx3AqMb8c\">V\u00eddeo de Smithtown Board of Education explicando lo ocurrido<\/a><\/li><\/ul>\n\n\n\n<h3 class=\"has-medium-font-size wp-block-heading\">Un grupo nazi ataca la sala infantil la Biblioteca P\u00fablica Pine Valley en Wilmington (Carolina del Norte) con la excusa de que se iban a leer libros sobre diversidad a los ni\u00f1os.<\/h3>\n\n\n<div class=\"wp-block-image\">\n<figure class=\"aligncenter size-large\"><img loading=\"lazy\" decoding=\"async\" width=\"578\" height=\"1024\" src=\"http:\/\/dnmrul.es\/tebeotecario\/wp-content\/uploads\/2022\/06\/qqu21aao59791-578x1024.jpg\" alt=\"\" class=\"wp-image-28\" srcset=\"https:\/\/dnmrul.es\/tebeotecario\/wp-content\/uploads\/2022\/06\/qqu21aao59791-578x1024.jpg 578w, https:\/\/dnmrul.es\/tebeotecario\/wp-content\/uploads\/2022\/06\/qqu21aao59791-169x300.jpg 169w, https:\/\/dnmrul.es\/tebeotecario\/wp-content\/uploads\/2022\/06\/qqu21aao59791-768x1360.jpg 768w, https:\/\/dnmrul.es\/tebeotecario\/wp-content\/uploads\/2022\/06\/qqu21aao59791-868x1536.jpg 868w, https:\/\/dnmrul.es\/tebeotecario\/wp-content\/uploads\/2022\/06\/qqu21aao59791.jpg 972w\" sizes=\"auto, (max-width: 578px) 100vw, 578px\" \/><\/figure>\n<\/div>\n\n\n<ul class=\"wp-block-list\"><li>Los presentes denunciaron que los polic\u00edas permitieron al grupo nazi acceder a la sala infantil para agredir verbalmente a los ni\u00f1os y al personal bibliotecario presente, contra las quejas de estos \u00faltimos y los padres de los ni\u00f1os y les escoltaron durante el ataque. <\/li><li><a href=\"https:\/\/www.youtube.com\/watch?v=u6wx3AqMb8c\">Enlace al relato en twitter denunciando los hechos de Erin Reed @ErinInTheMorn<\/a><\/li><\/ul>\n\n\n\n<h3 class=\"has-medium-font-size wp-block-heading\">El ayuntamiento de Madrid privatizar\u00e1 la gesti\u00f3n de las bibliotecas y reducir\u00e1 en menos de un tercio el espacio originalmente destinado a la biblioteca en el proyecto de la nueva Biblioteca P\u00fablica de Villaverde. <\/h3>\n\n\n\n<ul class=\"wp-block-list\"><li><a href=\"https:\/\/www.publico.es\/politica\/ayuntamiento-madrid-privatizara-parte-gestion-futuras-bibliotecas-centros-culturales.html\">Enlace a la noticia en P\u00fablico. <\/a><\/li><\/ul>\n\n\n<div class=\"wp-block-image\">\n<figure class=\"aligncenter size-full\"><img loading=\"lazy\" decoding=\"async\" width=\"318\" height=\"159\" src=\"http:\/\/dnmrul.es\/tebeotecario\/wp-content\/uploads\/2022\/06\/FV4MgFVWYAEfJgs.jpg\" alt=\"\" class=\"wp-image-26\" srcset=\"https:\/\/dnmrul.es\/tebeotecario\/wp-content\/uploads\/2022\/06\/FV4MgFVWYAEfJgs.jpg 318w, https:\/\/dnmrul.es\/tebeotecario\/wp-content\/uploads\/2022\/06\/FV4MgFVWYAEfJgs-300x150.jpg 300w\" sizes=\"auto, (max-width: 318px) 100vw, 318px\" \/><\/figure>\n<\/div>","protected":false},"excerpt":{"rendered":"<p>La Asociaci\u00f3n de Bibliotecas de Nueva York denuncia el intento de censura por parte de la administraci\u00f3n de la Biblioteca P\u00fablica de Smithtown (Nueva York) Comunicado de NYLA al respecto V\u00eddeo de Smithtown Board of Education explicando lo ocurrido Un grupo nazi ataca la sala infantil la Biblioteca P\u00fablica Pine Valley en Wilmington (Carolina del&#8230;<a class=\"read-more-link button\" href=\"https:\/\/dnmrul.es\/tebeotecario\/index.php\/2022\/06\/24\/la-atalaya-junio-2022\/\">Read more<\/a><\/p>\n","protected":false},"author":1,"featured_media":0,"comment_status":"open","ping_status":"open","sticky":false,"template":"","format":"standard","meta":{"footnotes":""},"categories":[7],"tags":[6,4,5],"class_list":["post-10","post","type-post","status-publish","format-standard","hentry","category-la-atalaya","tag-antifascismo","tag-atalaya","tag-censura-en-bibliotecas"],"_links":{"self":[{"href":"https:\/\/dnmrul.es\/tebeotecario\/index.php\/wp-json\/wp\/v2\/posts\/10","targetHints":{"allow":["GET"]}}],"collection":[{"href":"https:\/\/dnmrul.es\/tebeotecario\/index.php\/wp-json\/wp\/v2\/posts"}],"about":[{"href":"https:\/\/dnmrul.es\/tebeotecario\/index.php\/wp-json\/wp\/v2\/types\/post"}],"author":[{"embeddable":true,"href":"https:\/\/dnmrul.es\/tebeotecario\/index.php\/wp-json\/wp\/v2\/users\/1"}],"replies":[{"embeddable":true,"href":"https:\/\/dnmrul.es\/tebeotecario\/index.php\/wp-json\/wp\/v2\/comments?post=10"}],"version-history":[{"count":13,"href":"https:\/\/dnmrul.es\/tebeotecario\/index.php\/wp-json\/wp\/v2\/posts\/10\/revisions"}],"predecessor-version":[{"id":46,"href":"https:\/\/dnmrul.es\/tebeotecario\/index.php\/wp-json\/wp\/v2\/posts\/10\/revisions\/46"}],"wp:attachment":[{"href":"https:\/\/dnmrul.es\/tebeotecario\/index.php\/wp-json\/wp\/v2\/media?parent=10"}],"wp:term":[{"taxonomy":"category","embeddable":true,"href":"https:\/\/dnmrul.es\/tebeotecario\/index.php\/wp-json\/wp\/v2\/categories?post=10"},{"taxonomy":"post_tag","embeddable":true,"href":"https:\/\/dnmrul.es\/tebeotecario\/index.php\/wp-json\/wp\/v2\/tags?post=10"}],"curies":[{"name":"wp","href":"https:\/\/api.w.org\/{rel}","templated":true}]}}