{"id":191,"date":"2022-10-05T10:58:39","date_gmt":"2022-10-05T10:58:39","guid":{"rendered":"http:\/\/dnmrul.es\/tebeotecario\/?p=191"},"modified":"2022-10-05T10:58:39","modified_gmt":"2022-10-05T10:58:39","slug":"la-atalaya-agosto-septiembre-2022","status":"publish","type":"post","link":"https:\/\/dnmrul.es\/tebeotecario\/index.php\/2022\/10\/05\/la-atalaya-agosto-septiembre-2022\/","title":{"rendered":"La Atalaya (Agosto-Septiembre 2022)"},"content":{"rendered":"\r\n<div class=\"wp-block-cover\"><img loading=\"lazy\" decoding=\"async\" width=\"1024\" height=\"576\" class=\"wp-block-cover__image-background wp-image-44\" src=\"http:\/\/dnmrul.es\/tebeotecario\/wp-content\/uploads\/2022\/06\/watchtowerYJ-1024x576.jpg\" alt=\"\" data-object-fit=\"cover\" srcset=\"https:\/\/dnmrul.es\/tebeotecario\/wp-content\/uploads\/2022\/06\/watchtowerYJ-1024x576.jpg 1024w, https:\/\/dnmrul.es\/tebeotecario\/wp-content\/uploads\/2022\/06\/watchtowerYJ-300x169.jpg 300w, https:\/\/dnmrul.es\/tebeotecario\/wp-content\/uploads\/2022\/06\/watchtowerYJ-768x432.jpg 768w, https:\/\/dnmrul.es\/tebeotecario\/wp-content\/uploads\/2022\/06\/watchtowerYJ.jpg 1280w\" sizes=\"auto, (max-width: 1024px) 100vw, 1024px\" \/>\r\n<div class=\"wp-block-cover__inner-container is-layout-flow wp-block-cover-is-layout-flow\">\r\n<p class=\"has-text-align-left has-medium-font-size\"><span style=\"color: inherit; font-size: revert;\">Bolet\u00edn mensual de informaci\u00f3n sobre amenazas y ataques a la libertad de las bibliotecas e iniciativas creadas por el personal bibliotecario para luchar contra la intolerancia y la censura. <\/span><\/p>\r\n<blockquote class=\"wp-block-quote\">Ni los fondos ni los servicios han de estar sujetos a forma alguna de censura ideol\u00f3gica, pol\u00edtica o religiosa, ni a presiones comerciales. <cite>Manifiesto de la IFLA\/UNESCO Sobre la Biblioteca P\u00fablica (1994)<\/cite><\/blockquote>\r\n<\/div>\r\n<\/div>\r\n\r\n\r\n\r\n<h3 class=\"has-medium-font-size wp-block-heading\">En 2022 se censuraron 1651 libros, el mayor n\u00famero desde que existen registros<\/h3>\r\n\r\n\r\n\r\n<ul class=\"wp-block-list\">\r\n<li><a href=\"https:\/\/www.ala.org\/news\/press-releases\/2022\/09\/ala-releases-preliminary-data-2022-book-bans\">Enlace a la noticia original en la web de la ALA.<\/a><\/li>\r\n<li><a href=\"https:\/\/universoabierto.org\/2022\/06\/29\/las-bibliotecas-de-canada-se-ven-afectadas-por-una-oleada-de-odio-y-amenazas-por-los-grupos-de-derechas-que-protestan-contra-los-eventos-de-drags-para-todas-las-edades\/\">Art\u00edculo traducido al castellano en el blog Universo Abierto de la biblioteca de Traducci\u00f3n y Documentaci\u00f3n de la USAL.<\/a><\/li>\r\n<\/ul>\r\n<h3 class=\"has-medium-font-size\">La Biblioteca P\u00fablica de Brooklyn se salta la censura emitiendo m\u00e1s de 5000 carnets para que los adolescentes puedan acceder a la colecci\u00f3n virtual.<\/h3>\r\n\r\n\r\n\r\n<ul class=\"wp-block-list\">\r\n<li style=\"list-style-type: none;\">\r\n<ul>\r\n<li><a href=\"https:\/\/edition.cnn.com\/2022\/09\/15\/us\/brooklyn-library-banned-books-access-reaj\/index.html\">Enlace a la noticia original en la web de CNN.<\/a><\/li>\r\n<li><a href=\"https:\/\/universoabierto.org\/2022\/09\/16\/la-biblioteca-publica-de-brooklyn-ha-emitido-5-100-carnes-gratuitos-para-que-los-adolescentes-puedan-acceder-a-los-libros-prohibidos\/\">Resumen traducido al castellano en el blog Universo Abierto de la biblioteca de Traducci\u00f3n y Documentaci\u00f3n de la USAL.<\/a><\/li>\r\n<li>La experiencia de una madre cuya hija se ha registrado como usuaria:<\/li>\r\n<\/ul>\r\n<\/li>\r\n<\/ul>\r\n<blockquote class=\"twitter-tweet\">\r\n<p dir=\"ltr\" lang=\"es\" style=\"text-align: center;\">La Biblioteca P\u00fablica de Brooklyn combate la censura en los Estados Unidos proveyendo de carnets a ni\u00f1os y adolescentes de estados en los que se han prohibido libros. Este es el emotivo testimonio de la madre de una usuaria <a href=\"https:\/\/t.co\/p82g7ZzwIo\">pic.twitter.com\/p82g7ZzwIo<\/a><\/p>\r\n\u2014 Tebeotecario (@tebeotecario) <a href=\"https:\/\/twitter.com\/tebeotecario\/status\/1572170886463225856?ref_src=twsrc%5Etfw\">September 20, 2022<\/a><\/blockquote>\r\n<p><script async src=\"https:\/\/platform.twitter.com\/widgets.js\" charset=\"utf-8\"><\/script><\/p>\r\n<h3 class=\"has-medium-font-size\">Dos bibliotecarios de Kalispell (Montana) renuncian tras recibir como amenaza la devoluci\u00f3n de libros con da\u00f1os por arma de fuego<\/h3>\r\n\r\n\r\n\r\n<ul class=\"wp-block-list\">\r\n<li><a href=\"https:\/\/flatheadbeacon.com\/2022\/08\/29\/library-sees-resignations-following-bullet-riddled-books\/\">Enlace a la noticia original.<\/a><\/li>\r\n<li><a href=\"https:\/\/universoabierto.org\/2022\/09\/13\/libros-acribillados-a-balazos-provocan-el-cierre-de-la-biblioteca-en-montana\/\">Resumen traducido al castellano en el blog Universo Abierto de la biblioteca de Traducci\u00f3n y Documentaci\u00f3n de la USAL.<\/a><\/li>\r\n<\/ul>\r\n<h3 class=\"has-medium-font-size\">Una biblioteca de Michigan pierde su financiaci\u00f3n por negarse a censurar libros.<\/h3>\r\n\r\n\r\n\r\n<ul class=\"wp-block-list\">\r\n<li><a href=\"https:\/\/apnews.com\/article\/2022-midterm-elections-michigan-grand-rapids-58e80ea121958f4661e9b9115b0f6b6a\">Enlace a la noticia original en la web de Associated Press.<\/a><\/li>\r\n<li><a href=\"https:\/\/universoabierto.org\/2022\/08\/25\/una-biblioteca-de-michigan-pierde-parte-de-su-financiacion-tras-negarse-a-censurar-a-los-autores-lgbtq\/\">Resumen traducido al castellano en el blog Universo Abierto de la biblioteca de Traducci\u00f3n y Documentaci\u00f3n de la USAL.<\/a><\/li>\r\n<\/ul>\r\n\r\n\r\n\r\n\r\n\r\n\r\n\r\n\r\n\r\n<ul class=\"wp-block-list\">\r\n<li>Detr\u00e1s de esta campa\u00f1a de ataques a la libertad intelectual de las bibliotecas estar\u00edan grupos pol\u00edticos y de odio organizados para eliminar de las bibliotecas p\u00fablicas y escolares libros con contenido LGTBQ+ y con contenidos que presenten diversidad racial.<\/li>\r\n<li><a href=\"https:\/\/www.npr.org\/2022\/09\/19\/1123156201\/new-report-finds-a-coordinated-rise-in-attempted-book-bans\">Enlace al estudio completo.<\/a><\/li>\r\n<li><a href=\"https:\/\/www.npr.org\/2022\/09\/19\/1123156201\/new-report-finds-a-coordinated-rise-in-attempted-book-bans\">Enlace a la noticia original en la web de NPR.<\/a><a href=\"https:\/\/pen.org\/report\/banned-usa-growing-movement-to-censor-books-in-schools\/\"><img loading=\"lazy\" decoding=\"async\" class=\"size-large wp-image-193 aligncenter\" src=\"http:\/\/dnmrul.es\/tebeotecario\/wp-content\/uploads\/2022\/09\/Subject-Matter-of-Banned-Content-1024x538.png\" alt=\"\" width=\"1024\" height=\"538\" srcset=\"https:\/\/dnmrul.es\/tebeotecario\/wp-content\/uploads\/2022\/09\/Subject-Matter-of-Banned-Content-1024x538.png 1024w, https:\/\/dnmrul.es\/tebeotecario\/wp-content\/uploads\/2022\/09\/Subject-Matter-of-Banned-Content-300x158.png 300w, https:\/\/dnmrul.es\/tebeotecario\/wp-content\/uploads\/2022\/09\/Subject-Matter-of-Banned-Content-768x403.png 768w, https:\/\/dnmrul.es\/tebeotecario\/wp-content\/uploads\/2022\/09\/Subject-Matter-of-Banned-Content.png 1200w\" sizes=\"auto, (max-width: 1024px) 100vw, 1024px\" \/><\/a><\/li>\r\n<\/ul>\r\n<h3 class=\"has-medium-font-size\">\u00bfPodr\u00eda ser esta la soluci\u00f3n para los libros prohibidos? Prohibir prohibir libros.<\/h3>\r\n\r\n\r\n\r\n<ul class=\"wp-block-list\">\r\n<li>El ayuntamiento de Wellington (Colorado) ha prohibido las prohibiciones de libros. El gobierno local no podr\u00e1 decidir qu\u00e9 pueden o no leer sus ciudadanos.<\/li>\r\n<li><a href=\"https:\/\/www.huffpost.com\/entry\/colorado-town-bans-library-book-bans_n_632533abe4b082746bea5e81\">Enlace a la noticia original en la web de Huffington Post.<\/a><\/li>\r\n<\/ul>\r\n<h3 class=\"has-medium-font-size\">Crece la preocupaci\u00f3n entre los bibliotecarios por las peticiones de censura de materiales.<\/h3>\r\n<p>\r\n\r\n<\/p>\r\n<ul class=\"wp-block-list\">\r\n<li>Enlace a la noticia original en la web de TheBookSeller.<\/li>\r\n<li><a href=\"https:\/\/universoabierto.org\/2022\/09\/05\/mas-del-80-de-los-bibliotecarios-estan-preocupados-por-el-aumento-de-la-incidencia-de-los-desafios-a-la-libertad-intelectual-por-las-peticiones-de-retirada-de-titulos\/\">Resumen traducido al castellano en el blog Universo Abierto de la biblioteca de Traducci\u00f3n y Documentaci\u00f3n de la USAL.<\/a><\/li>\r\n<\/ul>\r\n<h3 class=\"has-medium-font-size\">La bibliotecaria que desafi\u00f3 a los talibanes<\/h3>\r\n<p>\r\n\r\n<\/p>\r\n<ul class=\"wp-block-list\">\r\n<li><a href=\"https:\/\/www.bbc.com\/news\/world-asia-62441553\">Enlace a la noticia original en la web de BBC.<\/a><\/li>\r\n<li><a href=\"https:\/\/universoabierto.org\/2022\/09\/01\/la-bibliotecaria-que-desafio-a-los-talibanes\/\">Resumen traducido al castellano en el blog Universo Abierto de la biblioteca de Traducci\u00f3n y Documentaci\u00f3n de la USAL.<\/a><\/li>\r\n<\/ul>\r\n\r\n\r\n\r\n\r\n\r\n\r\n\r\n\r\n\r\n<ul class=\"wp-block-list\">\r\n<li><a href=\"https:\/\/www.nytimes.com\/2022\/09\/12\/nyregion\/brooklyn-library-book-bans-oklahoma.html\">Enlace a la noticia original en la web de The New York Times.<\/a><\/li>\r\n<\/ul>\r\n<h3 class=\"has-medium-font-size\">Un grupo armado de conservadores cristianos ataca una biblioteca en Idaho exigiendo que censuren m\u00e1s de 400 libros (ninguno de los cu\u00e1les formaba parte de la colecci\u00f3n de la biblioteca)<\/h3>\r\n<p><iframe loading=\"lazy\" title=\"Armed activists show up to library and demand they ban books\" src=\"https:\/\/www.youtube.com\/embed\/pDWaa3NshyM\" width=\"1280\" height=\"720\" frameborder=\"0\" allowfullscreen=\"allowfullscreen\"><\/iframe><\/p>\r\n<ul>\r\n<li>En respuesta al ataque grupos de usuarios inician el movimiento &#8220;Educadamente y en silencio&#8221; para protestar contra los ataques consiguiendo el apoyo de algunos republicanos locales.<\/li>\r\n<li><a href=\"https:\/\/edition.cnn.com\/2022\/09\/05\/us\/idaho-bonners-ferry-library-books\/index.html\">Enlace a la noticia en la web de CNN.\u00a0<\/a><\/li>\r\n<\/ul>\r\n<h3 class=\"has-medium-font-size\">En el estado de Texas se prohibieron m\u00e1s de 800 libros durante el curso pasado.\u00a0<\/h3>\r\n<p>\r\n\r\n<\/p>\r\n<ul class=\"wp-block-list\">\r\n<li><a href=\"https:\/\/jezebel.com\/texas-banned-over-800-books-last-school-year-1849553147\">Enlace a la noticia original.<\/a><\/li>\r\n<\/ul>\r\n<h3 class=\"has-medium-font-size\">\u00bfDe verdad la censura de libros aumenta sus ventas?\u00a0<\/h3>\r\n<p>\r\n\r\n<\/p>\r\n<ul class=\"wp-block-list\">\r\n<li><a href=\"https:\/\/www.theatlantic.com\/books\/archive\/2022\/09\/banned-books-increased-sales\/671479\/\">Enlace al art\u00edculo original en The Atlantic.<\/a><\/li>\r\n<\/ul>\r\n<h3 class=\"has-medium-font-size\">Los grupos tras los que se esconde la organizaci\u00f3n conservadora estadounidense &#8220;Mam\u00e1s por la libertad&#8221; para su campa\u00f1a de censura de libros.<\/h3>\r\n<p>\r\n\r\n<\/p>\r\n<ul class=\"wp-block-list\">\r\n<li><a href=\"https:\/\/www.mediamatters.org\/moms-liberty\/moms-liberty-hiding-behind-these-front-groups-they-gut-public-school-libraries\">Enlace al art\u00edculo original en Mediamatters.<\/a><\/li>\r\n<\/ul>\r\n<h3 class=\"has-medium-font-size\">La batalla para salvar la democracia empieza en las bibliotecas<\/h3>\r\n<p>\r\n\r\n<\/p>\r\n<ul class=\"wp-block-list\">\r\n<li><a href=\"https:\/\/www.businesslive.co.za\/bloomberg\/news\/2022-09-22-the-battle-to-save-democracy-starts-at-the-local-library\/\">Enlace al art\u00edculo original en Bloomberg.<\/a><\/li>\r\n<li><a href=\"https:\/\/universoabierto.org\/2022\/09\/22\/la-batalla-para-salvar-la-democracia-comienza-en-la-biblioteca-local\/\">Resumen traducido al castellano en el blog Universo Abierto de la biblioteca de Traducci\u00f3n y Documentaci\u00f3n de la USAL.<\/a><\/li>\r\n<\/ul>\r\n<h3 class=\"has-medium-font-size\">Consejos para los bibliotecarios que se enfrentan a acoso y amenazas<\/h3>\r\n<p>\r\n\r\n<\/p>\r\n<ul class=\"wp-block-list\">\r\n<li><a href=\"https:\/\/pen.org\/librarian-tip-sheet-harassment\/\">Enlace a la lista original en PEN.<\/a><\/li>\r\n<li><a href=\"https:\/\/universoabierto.org\/2022\/09\/21\/consejos-para-los-bibliotecarios-que-se-enfrentan-a-acoso-y-amenazas\/\">Traducci\u00f3n al castellano en el blog Universo Abierto de la biblioteca de Traducci\u00f3n y Documentaci\u00f3n de la USAL.<\/a><\/li>\r\n<\/ul>\r\n<h3 class=\"has-medium-font-size\">La ALA publica su informe anual sobre el estado de las bibliotecas estadounidenses. Este a\u00f1o destacan 729 ataques contra la libertad intelectual en las bibliotecas y m\u00e1s de 1500 peticiones de censura de libros.\u00a0<\/h3>\r\n<p>\r\n\r\n<\/p>\r\n<ul class=\"wp-block-list\">\r\n<li><a href=\"https:\/\/www.ala.org\/news\/state-americas-libraries-report-2022\">Enlace al informe completo.<\/a><\/li>\r\n<\/ul>\r\n<h3 class=\"has-medium-font-size\">\u00bfC\u00f3mo pueden las bibliotecas ayudar a combatir las Fake News? Infograf\u00eda de IFLA para ayudar a detectar noticias falsas.\u00a0<\/h3>\r\n<p>\r\n\r\n<\/p>\r\n<ul class=\"wp-block-list\">\r\n<li><a href=\"https:\/\/www.ifla.org\/es\/news\/como-las-bibliotecas-pueden-ayudar-a-conseguir-soluciones-reales-para-las-noticias-falsas\/\">Enlace al art\u00edculo original.<\/a><\/li>\r\n<\/ul>\r\n<p><img loading=\"lazy\" decoding=\"async\" class=\"aligncenter  wp-image-234\" src=\"http:\/\/dnmrul.es\/tebeotecario\/wp-content\/uploads\/2022\/09\/\u00bfEsta_noticia_es_falsa-_How_To_Spot_Fake_News-768x1024.jpg\" alt=\"\" width=\"454\" height=\"605\" srcset=\"https:\/\/dnmrul.es\/tebeotecario\/wp-content\/uploads\/2022\/09\/\u00bfEsta_noticia_es_falsa-_How_To_Spot_Fake_News-768x1024.jpg 768w, https:\/\/dnmrul.es\/tebeotecario\/wp-content\/uploads\/2022\/09\/\u00bfEsta_noticia_es_falsa-_How_To_Spot_Fake_News-225x300.jpg 225w, https:\/\/dnmrul.es\/tebeotecario\/wp-content\/uploads\/2022\/09\/\u00bfEsta_noticia_es_falsa-_How_To_Spot_Fake_News-1152x1536.jpg 1152w, https:\/\/dnmrul.es\/tebeotecario\/wp-content\/uploads\/2022\/09\/\u00bfEsta_noticia_es_falsa-_How_To_Spot_Fake_News-1536x2048.jpg 1536w, https:\/\/dnmrul.es\/tebeotecario\/wp-content\/uploads\/2022\/09\/\u00bfEsta_noticia_es_falsa-_How_To_Spot_Fake_News-scaled.jpg 1920w\" sizes=\"auto, (max-width: 454px) 100vw, 454px\" \/><\/p>\r\n<h3 class=\"has-medium-font-size\">\u00bfPor qu\u00e9 en Estados Unidos se est\u00e1 votando para eliminar la financiaci\u00f3n de las bibliotecas p\u00fablicas?<\/h3>\r\n<p>\r\n\r\n<\/p>\r\n<ul class=\"wp-block-list\">\r\n<li><a href=\"https:\/\/www.wbur.org\/onpoint\/2022\/09\/08\/censorship-wars-defund-public-libraries\">Enlace a la noticia original.<\/a><\/li>\r\n<li><a href=\"https:\/\/flatheadbeacon.com\/2022\/08\/29\/library-sees-resignations-following-bullet-riddled-books\/\">Resumen traducido al castellano en el blog Universo Abierto de la biblioteca de Traducci\u00f3n y Documentaci\u00f3n de la USAL.<\/a><\/li>\r\n<\/ul>\r\n<h3 class=\"has-medium-font-size\">Un reciente estudio de la ALA confirma que los votantes est\u00e1n en contra de la censura de libros en las bibliotecas.<\/h3>\r\n<p>\r\n\r\n<\/p>\r\n<ul class=\"wp-block-list\">\r\n<li><a href=\"https:\/\/www.ala.org\/advocacy\/voters-oppose-book-bans-libraries\">Enlace al estudio en la web de la ALA.<\/a><\/li>\r\n<li><a href=\"https:\/\/universoabierto.org\/2022\/09\/06\/los-ciudadanos-y-padres-de-bibliotecas-de-estados-unidos-tienen-una-alta-consideracion-por-los-bibliotecarios-y-el-papel-que-desempenan-las-bibliotecas-en-las-comunidades-y-las-escuelas\/\">Resumen traducido al castellano en el blog Universo Abierto de la biblioteca de Traducci\u00f3n y Documentaci\u00f3n de la USAL.<\/a><\/li>\r\n<\/ul>\r\n<figure id=\"attachment_192\" aria-describedby=\"caption-attachment-192\" style=\"width: 1024px\" class=\"wp-caption aligncenter\"><img loading=\"lazy\" decoding=\"async\" class=\"wp-image-192 size-large\" src=\"http:\/\/dnmrul.es\/tebeotecario\/wp-content\/uploads\/2022\/09\/d2vmfxuwjvo91-1024x768.jpg\" alt=\"\" width=\"1024\" height=\"768\" srcset=\"https:\/\/dnmrul.es\/tebeotecario\/wp-content\/uploads\/2022\/09\/d2vmfxuwjvo91-1024x768.jpg 1024w, https:\/\/dnmrul.es\/tebeotecario\/wp-content\/uploads\/2022\/09\/d2vmfxuwjvo91-300x225.jpg 300w, https:\/\/dnmrul.es\/tebeotecario\/wp-content\/uploads\/2022\/09\/d2vmfxuwjvo91-768x576.jpg 768w, https:\/\/dnmrul.es\/tebeotecario\/wp-content\/uploads\/2022\/09\/d2vmfxuwjvo91-1536x1152.jpg 1536w, https:\/\/dnmrul.es\/tebeotecario\/wp-content\/uploads\/2022\/09\/d2vmfxuwjvo91-2048x1536.jpg 2048w\" sizes=\"auto, (max-width: 1024px) 100vw, 1024px\" \/><figcaption id=\"caption-attachment-192\" class=\"wp-caption-text\"><a href=\"https:\/\/www.reddit.com\/r\/Libraries\/comments\/xinkls\/im_currently_doing_library_placement_and_this_is\/\">Fuente de la imagen<\/a><\/figcaption><\/figure>\r\n\r\n\r\n\r\n\r\n\r\n\r\n\r\n\r\n\r\n\r\n\r\n\r\n\r\n\r\n\r\n\r\n\r\n\r\n<div class=\"wp-block-image\">\r\n<figure class=\"aligncenter size-full\"><img loading=\"lazy\" decoding=\"async\" width=\"318\" height=\"159\" class=\"wp-image-26\" src=\"http:\/\/dnmrul.es\/tebeotecario\/wp-content\/uploads\/2022\/06\/FV4MgFVWYAEfJgs.jpg\" alt=\"\" srcset=\"https:\/\/dnmrul.es\/tebeotecario\/wp-content\/uploads\/2022\/06\/FV4MgFVWYAEfJgs.jpg 318w, https:\/\/dnmrul.es\/tebeotecario\/wp-content\/uploads\/2022\/06\/FV4MgFVWYAEfJgs-300x150.jpg 300w\" sizes=\"auto, (max-width: 318px) 100vw, 318px\" \/><\/figure><\/div>","protected":false},"excerpt":{"rendered":"<p>En 2022 se censuraron 1651 libros, el mayor n\u00famero desde que existen registros Enlace a la noticia original en la web de la ALA. Art\u00edculo traducido al castellano en el blog Universo Abierto de la biblioteca de Traducci\u00f3n y Documentaci\u00f3n de la USAL. La Biblioteca P\u00fablica de Brooklyn se salta la censura emitiendo m\u00e1s de&#8230;<a class=\"read-more-link button\" href=\"https:\/\/dnmrul.es\/tebeotecario\/index.php\/2022\/10\/05\/la-atalaya-agosto-septiembre-2022\/\">Read more<\/a><\/p>\n","protected":false},"author":1,"featured_media":0,"comment_status":"open","ping_status":"open","sticky":false,"template":"","format":"standard","meta":{"footnotes":""},"categories":[7,1],"tags":[4],"class_list":["post-191","post","type-post","status-publish","format-standard","hentry","category-la-atalaya","category-sin-categoria","tag-atalaya"],"_links":{"self":[{"href":"https:\/\/dnmrul.es\/tebeotecario\/index.php\/wp-json\/wp\/v2\/posts\/191","targetHints":{"allow":["GET"]}}],"collection":[{"href":"https:\/\/dnmrul.es\/tebeotecario\/index.php\/wp-json\/wp\/v2\/posts"}],"about":[{"href":"https:\/\/dnmrul.es\/tebeotecario\/index.php\/wp-json\/wp\/v2\/types\/post"}],"author":[{"embeddable":true,"href":"https:\/\/dnmrul.es\/tebeotecario\/index.php\/wp-json\/wp\/v2\/users\/1"}],"replies":[{"embeddable":true,"href":"https:\/\/dnmrul.es\/tebeotecario\/index.php\/wp-json\/wp\/v2\/comments?post=191"}],"version-history":[{"count":6,"href":"https:\/\/dnmrul.es\/tebeotecario\/index.php\/wp-json\/wp\/v2\/posts\/191\/revisions"}],"predecessor-version":[{"id":238,"href":"https:\/\/dnmrul.es\/tebeotecario\/index.php\/wp-json\/wp\/v2\/posts\/191\/revisions\/238"}],"wp:attachment":[{"href":"https:\/\/dnmrul.es\/tebeotecario\/index.php\/wp-json\/wp\/v2\/media?parent=191"}],"wp:term":[{"taxonomy":"category","embeddable":true,"href":"https:\/\/dnmrul.es\/tebeotecario\/index.php\/wp-json\/wp\/v2\/categories?post=191"},{"taxonomy":"post_tag","embeddable":true,"href":"https:\/\/dnmrul.es\/tebeotecario\/index.php\/wp-json\/wp\/v2\/tags?post=191"}],"curies":[{"name":"wp","href":"https:\/\/api.w.org\/{rel}","templated":true}]}}